{"id":2901,"date":"2023-06-28T10:38:56","date_gmt":"2023-06-28T10:38:56","guid":{"rendered":"https:\/\/www.greco-dentalcare.it\/was-kann-ich-tun-wenn-ich-unter-zahnempfindlichkeit-leide\/"},"modified":"2025-05-02T11:12:57","modified_gmt":"2025-05-02T11:12:57","slug":"was-kann-ich-tun-wenn-ich-unter-zahnempfindlichkeit-leide","status":"publish","type":"post","link":"https:\/\/globaldentalcare.it\/de\/was-kann-ich-tun-wenn-ich-unter-zahnempfindlichkeit-leide\/","title":{"rendered":"Was kann ich tun, wenn ich unter Zahnempfindlichkeit leide?"},"content":{"rendered":"<div class=\"wpb-content-wrapper\"><p>[vc_row][vc_column][vc_row_inner][vc_column_inner width=&#8221;1\/6&#8243;][\/vc_column_inner][vc_column_inner width=&#8221;2\/3&#8243; ct_column_inner_class=&#8221;rm-padding-sm&#8221; css=&#8221;.vc_custom_1544857845421{padding-right: 40px !important;padding-bottom: 61px !important;padding-left: 40px !important;}&#8221;][ct_heading text=&#8221;Was kann ich tun, wenn ich unter Zahnempfindlichkeit leide?&#8221; text_below=&#8221;Blog&#8221; align_lg=&#8221;align-center&#8221; align_md=&#8221;align-center-md&#8221; align_sm=&#8221;align-center-sm&#8221; align_xs=&#8221;align-center-xs&#8221; font_weight=&#8221;&#8221; description_font_size=&#8221;18&#8243; description_color=&#8221;#1e3b76&#8243;][\/vc_column_inner][vc_column_inner width=&#8221;1\/6&#8243;][\/vc_column_inner][\/vc_row_inner][\/vc_column][\/vc_row][vc_row][vc_column][vc_single_image source=&#8221;featured_image&#8221; img_size=&#8221;full&#8221; alignment=&#8221;center&#8221; css_animation=&#8221;zoomIn&#8221;][\/vc_column][\/vc_row][vc_row][vc_column width=&#8221;2\/3&#8243;][vc_column_text]Eine der h\u00e4ufigsten Fragen, die wir erhalten, betrifft die<strong>dentale<\/strong> <strong>\u00dcberempfindlichkeit<\/strong> oder <strong>Zahnempfindlichkeit<\/strong>, von der viele Menschen betroffen sind. Obwohl es sich um eine sehr h\u00e4ufige Erkrankung handelt, k\u00f6nnen die Ursachen und Merkmale von Person zu Person unterschiedlich sein. <\/p>\n<h2>Die Ursachen von Zahnempfindlichkeit<\/h2>\n<p>Zahn\u00fcberempfindlichkeit ist ein Zustand, der sich in der Regel im Laufe der Zeit aufgrund von<strong>Zahnabnutzung<\/strong> durch Bruxismus und Z\u00e4hneknirschen oder durch Vorkontraktion zwischen den Z\u00e4hnen entwickelt.<\/p>\n<p>In anderen F\u00e4llen handelt es sich um anlagebedingte <strong>Rezessionen der Gingiva<\/strong>, um ein <strong>Trauma<\/strong> beim Z\u00e4hneputzen oder um eine <strong>Parodontalerkrankung<\/strong>.<\/p>\n<p><em>Schauen wir uns das im Detail an.<\/em><\/p>\n<ul>\n<li><strong>Die Abnutzung des Zahns<\/strong> f\u00fchrt zur Freilegung der innersten Schicht des Zahns, dem <strong>Dentin<\/strong>, das empfindlicher ist als der \u00e4u\u00dfere mineralisierte Zahnschmelz. Das Dentin ist n\u00e4mlich von kleinen Kan\u00e4len durchzogen, die <strong>Nervenfasern<\/strong> enthalten, die Reize direkt in das Zentrum des Zahns leiten, wo sich die <strong>Zahnpulpa<\/strong> befindet. <\/li>\n<li><strong>Die Gingivarezession<\/strong> f\u00fchrt dazu, dass ein Teil der <strong>Zahnwurzel<\/strong> freiliegt, der von au\u00dfen nicht vom Zahnschmelz, sondern vom <strong>Zement<\/strong> gebildet wird, einem Gewebe, das weniger mineralisiert ist als ersterer.<\/li>\n<\/ul>\n<p>Da Dentin und Zement au\u00dferdem weniger mineralisiert sind als der Zahnschmelz, werden sie <strong>durch das Z\u00e4hneputzen<\/strong> leichter abgenutzt und <strong>erodiert<\/strong>, was die Empfindlichkeit weiter erh\u00f6ht.<\/p>\n<p>Die Empfindlichkeit der Z\u00e4hne kann auch durch eine <strong>zahn\u00e4rztliche Behandlung<\/strong> wie eine F\u00fcllung oder ein Bleaching verursacht werden. In diesen F\u00e4llen ist sie jedoch in der Regel vor\u00fcbergehend und dauert einige Stunden oder Tage an, bevor sie sich zur\u00fcckbildet und ganz aufh\u00f6rt.<\/p>\n<p>Andere Ursachen f\u00fcr schwere Zahnempfindlichkeiten sind <strong>MIH-<\/strong> (Molar Incisor Hypominerisation) oder <strong>EH-<\/strong> (Enamel Hypomineralization) Zust\u00e4nde, bei denen einige oder alle Z\u00e4hne von Anfang an mit einer mehr oder weniger starken <strong>Hypomineralisation<\/strong> durchbrechen, was oft zu einer noch st\u00e4rkeren Zahnempfindlichkeit f\u00fchrt. Es ist wichtig, diesen Zustand bei p\u00e4diatrischen Patienten mit den ersten Milch- oder bleibenden Z\u00e4hnen abzufangen, um alle pr\u00e4ventiven Ma\u00dfnahmen zur Remineralisierung der Zahnelemente und zur Verringerung der Empfindlichkeit durchzuf\u00fchren. <\/p>\n<h2>Symptome von Zahnempfindlichkeit<\/h2>\n<p>Zahn\u00e4rztliche Empfindlichkeit \u00e4u\u00dfert sich durch einen <strong>kurz anhaltenden akuten Schmerzreiz<\/strong>, der unmittelbar nach der Anwendung eines thermischen Reizes oder externen Drucks <strong>(ausl\u00f6sende Faktoren)<\/strong> auftritt und noch einige Augenblicke nach dem Wegfall des ausl\u00f6senden Reizes anhalten kann.<\/p>\n<h2>Ausl\u00f6ser von Zahnempfindlichkeit<\/h2>\n<p>Die wichtigsten ausl\u00f6senden Faktoren sind:<\/p>\n<ul>\n<li>Konsum von kalten Getr\u00e4nken oder Speisen;<\/li>\n<li>Verzehr von hei\u00dfen Getr\u00e4nken oder Speisen;<\/li>\n<li>Konsum von zucker- oder s\u00e4urehaltigen Getr\u00e4nken oder Lebensmitteln;<\/li>\n<li>kalte Luft, die mit den Z\u00e4hnen in Ber\u00fchrung kommt (im Winter reicht es schon, den Mund zu \u00f6ffnen, wenn man sehr kalten Temperaturen ausgesetzt ist);<\/li>\n<li>kr\u00e4ftiges B\u00fcrsten.<\/li>\n<\/ul>\n<h2>Heilmittel f\u00fcr Zahnempfindlichkeit<\/h2>\n<p><strong>Im Falle von Zahnempfindlichkeit ist es immer ratsam, sich an Ihren Zahnarzt zu wenden, um dieses Problem zu melden und die Ursache zu ermitteln.<\/strong><\/p>\n<p>Es gibt viele <strong>Behandlungen<\/strong>, die durchgef\u00fchrt werden k\u00f6nnen, um die Unannehmlichkeiten dieses unangenehmen Zustands zu lindern.<\/p>\n<ul>\n<li>Bei <strong>Abrasionen der Schneidekanten oder des Zahnkranzes<\/strong> ist es m\u00f6glich, das verlorene Schmelzgewebe mit Kompositf\u00fcllungen zu rekonstruieren und das freiliegende Dentin vor thermischen und mechanischen Angriffen zu sch\u00fctzen.<\/li>\n<li>Selbst im Falle von <strong>Zahnfleischr\u00fcckg\u00e4ngen<\/strong> kann man in Erw\u00e4gung ziehen, diese mit speziellen Techniken <strong>der Mukogingivalchirurgie<\/strong> abzudecken.<\/li>\n<\/ul>\n<p>Wenn Sie unter Zahnempfindlichkeit leiden, ist es immer ratsam und m\u00f6glich, <strong>remineralisierende Produkte auf Basis von Fluorid und Hydroxylapatit<\/strong> anzuwenden, die den Zahnschmelz st\u00e4rken und die Dentintubuli verschlie\u00dfen. Je nach Problem und Schweregrad wird Ihr Zahnarzt Sie \u00fcber die beste Behandlung zu Hause oder professionell in der Praxis mit desensibilisierenden Pasten oder Lacken beraten k\u00f6nnen. <\/p>\n<p>Er wird Sie auch \u00fcber die am besten geeignete Zahnb\u00fcrste und Technik beraten k\u00f6nnen, um das Problem der Zahnempfindlichkeit nicht zu verschlimmern.[\/vc_column_text][\/vc_column][vc_column width=&#8221;1\/3&#8243;][vc_widget_sidebar sidebar_id=&#8221;sidebar-blog&#8221;][\/vc_column][\/vc_row]<\/p>\n<\/div>","protected":false},"excerpt":{"rendered":"<p>Eine der h\u00e4ufigsten Fragen, die wir erhalten, betrifft die dentale \u00dcberempfindlichkeit oder Zahnempfindlichkeit, von der viele Menschen betroffen sind. Obwohl es sich um eine sehr h\u00e4ufige Erkrankung handelt, k\u00f6nnen die Ursachen und Merkmale von Person zu Person unterschiedlich sein. <\/p>\n","protected":false},"author":1,"featured_media":2366,"comment_status":"open","ping_status":"open","sticky":false,"template":"","format":"standard","meta":{"footnotes":""},"categories":[79,77],"tags":[],"class_list":["post-2901","post","type-post","status-publish","format-standard","has-post-thumbnail","hentry","category-pflege","category-zahnhygiene"],"yoast_head":"<!-- This site is optimized with the Yoast SEO plugin v26.5 - https:\/\/yoast.com\/wordpress\/plugins\/seo\/ -->\n<title>Was ist zu tun, wenn ich unter Zahnempfindlichkeit leide? Ursachen, Symptome und Abhilfema\u00dfnahmen<\/title>\n<meta name=\"description\" content=\"Obwohl Dentin\u00fcberempfindlichkeit oder Zahnempfindlichkeit eine sehr h\u00e4ufige Erkrankung ist, k\u00f6nnen die Ursachen und Merkmale unterschiedlich sein.\" \/>\n<meta name=\"robots\" content=\"index, follow, max-snippet:-1, max-image-preview:large, max-video-preview:-1\" \/>\n<link rel=\"canonical\" href=\"https:\/\/globaldentalcare.it\/de\/was-kann-ich-tun-wenn-ich-unter-zahnempfindlichkeit-leide\/\" \/>\n<meta property=\"og:locale\" content=\"de_DE\" \/>\n<meta property=\"og:type\" content=\"article\" \/>\n<meta property=\"og:title\" content=\"Was kann ich tun, wenn ich unter Zahnempfindlichkeit leide?\" \/>\n<meta property=\"og:description\" content=\"Obwohl Dentin\u00fcberempfindlichkeit oder Zahnempfindlichkeit eine sehr h\u00e4ufige Erkrankung ist, k\u00f6nnen die Ursachen und Merkmale unterschiedlich sein.\" \/>\n<meta property=\"og:url\" content=\"https:\/\/globaldentalcare.it\/de\/was-kann-ich-tun-wenn-ich-unter-zahnempfindlichkeit-leide\/\" \/>\n<meta property=\"og:site_name\" content=\"Global Dental Care\" \/>\n<meta property=\"article:publisher\" content=\"https:\/\/www.facebook.com\/grecodentalcare\" \/>\n<meta property=\"article:published_time\" content=\"2023-06-28T10:38:56+00:00\" \/>\n<meta property=\"article:modified_time\" content=\"2025-05-02T11:12:57+00:00\" \/>\n<meta property=\"og:image\" content=\"https:\/\/globaldentalcare.it\/wp-content\/uploads\/2023\/06\/cause-e-rimedi-ensiblita-dentale.jpg\" \/>\n\t<meta property=\"og:image:width\" content=\"1140\" \/>\n\t<meta property=\"og:image:height\" content=\"670\" \/>\n\t<meta property=\"og:image:type\" content=\"image\/jpeg\" \/>\n<meta name=\"author\" content=\"arsStaff\" \/>\n<meta name=\"twitter:card\" content=\"summary_large_image\" \/>\n<meta name=\"twitter:title\" content=\"Was kann ich tun, wenn ich unter Zahnempfindlichkeit leide?\" \/>\n<meta name=\"twitter:description\" content=\"Obwohl Dentin\u00fcberempfindlichkeit oder Zahnempfindlichkeit eine sehr h\u00e4ufige Erkrankung ist, k\u00f6nnen die Ursachen und Merkmale unterschiedlich sein.\" \/>\n<meta name=\"twitter:label1\" content=\"Verfasst von\" \/>\n\t<meta name=\"twitter:data1\" content=\"arsStaff\" \/>\n\t<meta name=\"twitter:label2\" content=\"Gesch\u00e4tzte Lesezeit\" \/>\n\t<meta name=\"twitter:data2\" content=\"4\u00a0Minuten\" \/>\n<script type=\"application\/ld+json\" class=\"yoast-schema-graph\">{\"@context\":\"https:\/\/schema.org\",\"@graph\":[{\"@type\":\"Article\",\"@id\":\"https:\/\/globaldentalcare.it\/de\/was-kann-ich-tun-wenn-ich-unter-zahnempfindlichkeit-leide\/#article\",\"isPartOf\":{\"@id\":\"https:\/\/globaldentalcare.it\/de\/was-kann-ich-tun-wenn-ich-unter-zahnempfindlichkeit-leide\/\"},\"author\":{\"name\":\"arsStaff\",\"@id\":\"https:\/\/globaldentalcare.it\/de\/#\/schema\/person\/1ee4b6f32498035734e5f93cf0ae6f70\"},\"headline\":\"Was kann ich tun, wenn ich unter Zahnempfindlichkeit leide?\",\"datePublished\":\"2023-06-28T10:38:56+00:00\",\"dateModified\":\"2025-05-02T11:12:57+00:00\",\"mainEntityOfPage\":{\"@id\":\"https:\/\/globaldentalcare.it\/de\/was-kann-ich-tun-wenn-ich-unter-zahnempfindlichkeit-leide\/\"},\"wordCount\":776,\"commentCount\":0,\"publisher\":{\"@id\":\"https:\/\/globaldentalcare.it\/de\/#organization\"},\"image\":{\"@id\":\"https:\/\/globaldentalcare.it\/de\/was-kann-ich-tun-wenn-ich-unter-zahnempfindlichkeit-leide\/#primaryimage\"},\"thumbnailUrl\":\"https:\/\/globaldentalcare.it\/wp-content\/uploads\/2023\/06\/cause-e-rimedi-ensiblita-dentale.jpg\",\"articleSection\":[\"Pflege\",\"Zahnhygiene\"],\"inLanguage\":\"de\",\"potentialAction\":[{\"@type\":\"CommentAction\",\"name\":\"Comment\",\"target\":[\"https:\/\/globaldentalcare.it\/de\/was-kann-ich-tun-wenn-ich-unter-zahnempfindlichkeit-leide\/#respond\"]}]},{\"@type\":\"WebPage\",\"@id\":\"https:\/\/globaldentalcare.it\/de\/was-kann-ich-tun-wenn-ich-unter-zahnempfindlichkeit-leide\/\",\"url\":\"https:\/\/globaldentalcare.it\/de\/was-kann-ich-tun-wenn-ich-unter-zahnempfindlichkeit-leide\/\",\"name\":\"Was ist zu tun, wenn ich unter Zahnempfindlichkeit leide? Ursachen, Symptome und Abhilfema\u00dfnahmen\",\"isPartOf\":{\"@id\":\"https:\/\/globaldentalcare.it\/de\/#website\"},\"primaryImageOfPage\":{\"@id\":\"https:\/\/globaldentalcare.it\/de\/was-kann-ich-tun-wenn-ich-unter-zahnempfindlichkeit-leide\/#primaryimage\"},\"image\":{\"@id\":\"https:\/\/globaldentalcare.it\/de\/was-kann-ich-tun-wenn-ich-unter-zahnempfindlichkeit-leide\/#primaryimage\"},\"thumbnailUrl\":\"https:\/\/globaldentalcare.it\/wp-content\/uploads\/2023\/06\/cause-e-rimedi-ensiblita-dentale.jpg\",\"datePublished\":\"2023-06-28T10:38:56+00:00\",\"dateModified\":\"2025-05-02T11:12:57+00:00\",\"description\":\"Obwohl Dentin\u00fcberempfindlichkeit oder Zahnempfindlichkeit eine sehr h\u00e4ufige Erkrankung ist, k\u00f6nnen die Ursachen und Merkmale unterschiedlich sein.\",\"breadcrumb\":{\"@id\":\"https:\/\/globaldentalcare.it\/de\/was-kann-ich-tun-wenn-ich-unter-zahnempfindlichkeit-leide\/#breadcrumb\"},\"inLanguage\":\"de\",\"potentialAction\":[{\"@type\":\"ReadAction\",\"target\":[\"https:\/\/globaldentalcare.it\/de\/was-kann-ich-tun-wenn-ich-unter-zahnempfindlichkeit-leide\/\"]}]},{\"@type\":\"ImageObject\",\"inLanguage\":\"de\",\"@id\":\"https:\/\/globaldentalcare.it\/de\/was-kann-ich-tun-wenn-ich-unter-zahnempfindlichkeit-leide\/#primaryimage\",\"url\":\"https:\/\/globaldentalcare.it\/wp-content\/uploads\/2023\/06\/cause-e-rimedi-ensiblita-dentale.jpg\",\"contentUrl\":\"https:\/\/globaldentalcare.it\/wp-content\/uploads\/2023\/06\/cause-e-rimedi-ensiblita-dentale.jpg\",\"width\":1140,\"height\":670},{\"@type\":\"BreadcrumbList\",\"@id\":\"https:\/\/globaldentalcare.it\/de\/was-kann-ich-tun-wenn-ich-unter-zahnempfindlichkeit-leide\/#breadcrumb\",\"itemListElement\":[{\"@type\":\"ListItem\",\"position\":1,\"name\":\"Home\",\"item\":\"https:\/\/globaldentalcare.it\/de\/\"},{\"@type\":\"ListItem\",\"position\":2,\"name\":\"Was kann ich tun, wenn ich unter Zahnempfindlichkeit leide?\"}]},{\"@type\":\"WebSite\",\"@id\":\"https:\/\/globaldentalcare.it\/de\/#website\",\"url\":\"https:\/\/globaldentalcare.it\/de\/\",\"name\":\"Global Dental Care\",\"description\":\"Global Dental Care\",\"publisher\":{\"@id\":\"https:\/\/globaldentalcare.it\/de\/#organization\"},\"potentialAction\":[{\"@type\":\"SearchAction\",\"target\":{\"@type\":\"EntryPoint\",\"urlTemplate\":\"https:\/\/globaldentalcare.it\/de\/?s={search_term_string}\"},\"query-input\":{\"@type\":\"PropertyValueSpecification\",\"valueRequired\":true,\"valueName\":\"search_term_string\"}}],\"inLanguage\":\"de\"},{\"@type\":\"Organization\",\"@id\":\"https:\/\/globaldentalcare.it\/de\/#organization\",\"name\":\"Global Dental Care\",\"url\":\"https:\/\/globaldentalcare.it\/de\/\",\"logo\":{\"@type\":\"ImageObject\",\"inLanguage\":\"de\",\"@id\":\"https:\/\/globaldentalcare.it\/de\/#\/schema\/logo\/image\/\",\"url\":\"https:\/\/globaldentalcare.it\/wp-content\/uploads\/2024\/02\/logo-greco-dental-care.jpg\",\"contentUrl\":\"https:\/\/globaldentalcare.it\/wp-content\/uploads\/2024\/02\/logo-greco-dental-care.jpg\",\"width\":696,\"height\":696,\"caption\":\"Global Dental Care\"},\"image\":{\"@id\":\"https:\/\/globaldentalcare.it\/de\/#\/schema\/logo\/image\/\"},\"sameAs\":[\"https:\/\/www.facebook.com\/grecodentalcare\",\"https:\/\/www.instagram.com\/greco_dental_care\/\"]},{\"@type\":\"Person\",\"@id\":\"https:\/\/globaldentalcare.it\/de\/#\/schema\/person\/1ee4b6f32498035734e5f93cf0ae6f70\",\"name\":\"arsStaff\",\"image\":{\"@type\":\"ImageObject\",\"inLanguage\":\"de\",\"@id\":\"https:\/\/globaldentalcare.it\/de\/#\/schema\/person\/image\/\",\"url\":\"https:\/\/globaldentalcare.it\/wp-content\/litespeed\/avatar\/2c3531d9320d25bfda1f5e850a111f42.jpg?ver=1777557976\",\"contentUrl\":\"https:\/\/globaldentalcare.it\/wp-content\/litespeed\/avatar\/2c3531d9320d25bfda1f5e850a111f42.jpg?ver=1777557976\",\"caption\":\"arsStaff\"},\"sameAs\":[\"https:\/\/globaldentalcare.it\"],\"url\":\"https:\/\/globaldentalcare.it\/de\/author\/arsStaff\/\"}]}<\/script>\n<!-- \/ Yoast SEO plugin. -->","yoast_head_json":{"title":"Was ist zu tun, wenn ich unter Zahnempfindlichkeit leide? Ursachen, Symptome und Abhilfema\u00dfnahmen","description":"Obwohl Dentin\u00fcberempfindlichkeit oder Zahnempfindlichkeit eine sehr h\u00e4ufige Erkrankung ist, k\u00f6nnen die Ursachen und Merkmale unterschiedlich sein.","robots":{"index":"index","follow":"follow","max-snippet":"max-snippet:-1","max-image-preview":"max-image-preview:large","max-video-preview":"max-video-preview:-1"},"canonical":"https:\/\/globaldentalcare.it\/de\/was-kann-ich-tun-wenn-ich-unter-zahnempfindlichkeit-leide\/","og_locale":"de_DE","og_type":"article","og_title":"Was kann ich tun, wenn ich unter Zahnempfindlichkeit leide?","og_description":"Obwohl Dentin\u00fcberempfindlichkeit oder Zahnempfindlichkeit eine sehr h\u00e4ufige Erkrankung ist, k\u00f6nnen die Ursachen und Merkmale unterschiedlich sein.","og_url":"https:\/\/globaldentalcare.it\/de\/was-kann-ich-tun-wenn-ich-unter-zahnempfindlichkeit-leide\/","og_site_name":"Global Dental Care","article_publisher":"https:\/\/www.facebook.com\/grecodentalcare","article_published_time":"2023-06-28T10:38:56+00:00","article_modified_time":"2025-05-02T11:12:57+00:00","og_image":[{"width":1140,"height":670,"url":"https:\/\/globaldentalcare.it\/wp-content\/uploads\/2023\/06\/cause-e-rimedi-ensiblita-dentale.jpg","type":"image\/jpeg"}],"author":"arsStaff","twitter_card":"summary_large_image","twitter_title":"Was kann ich tun, wenn ich unter Zahnempfindlichkeit leide?","twitter_description":"Obwohl Dentin\u00fcberempfindlichkeit oder Zahnempfindlichkeit eine sehr h\u00e4ufige Erkrankung ist, k\u00f6nnen die Ursachen und Merkmale unterschiedlich sein.","twitter_misc":{"Verfasst von":"arsStaff","Gesch\u00e4tzte Lesezeit":"4\u00a0Minuten"},"schema":{"@context":"https:\/\/schema.org","@graph":[{"@type":"Article","@id":"https:\/\/globaldentalcare.it\/de\/was-kann-ich-tun-wenn-ich-unter-zahnempfindlichkeit-leide\/#article","isPartOf":{"@id":"https:\/\/globaldentalcare.it\/de\/was-kann-ich-tun-wenn-ich-unter-zahnempfindlichkeit-leide\/"},"author":{"name":"arsStaff","@id":"https:\/\/globaldentalcare.it\/de\/#\/schema\/person\/1ee4b6f32498035734e5f93cf0ae6f70"},"headline":"Was kann ich tun, wenn ich unter Zahnempfindlichkeit leide?","datePublished":"2023-06-28T10:38:56+00:00","dateModified":"2025-05-02T11:12:57+00:00","mainEntityOfPage":{"@id":"https:\/\/globaldentalcare.it\/de\/was-kann-ich-tun-wenn-ich-unter-zahnempfindlichkeit-leide\/"},"wordCount":776,"commentCount":0,"publisher":{"@id":"https:\/\/globaldentalcare.it\/de\/#organization"},"image":{"@id":"https:\/\/globaldentalcare.it\/de\/was-kann-ich-tun-wenn-ich-unter-zahnempfindlichkeit-leide\/#primaryimage"},"thumbnailUrl":"https:\/\/globaldentalcare.it\/wp-content\/uploads\/2023\/06\/cause-e-rimedi-ensiblita-dentale.jpg","articleSection":["Pflege","Zahnhygiene"],"inLanguage":"de","potentialAction":[{"@type":"CommentAction","name":"Comment","target":["https:\/\/globaldentalcare.it\/de\/was-kann-ich-tun-wenn-ich-unter-zahnempfindlichkeit-leide\/#respond"]}]},{"@type":"WebPage","@id":"https:\/\/globaldentalcare.it\/de\/was-kann-ich-tun-wenn-ich-unter-zahnempfindlichkeit-leide\/","url":"https:\/\/globaldentalcare.it\/de\/was-kann-ich-tun-wenn-ich-unter-zahnempfindlichkeit-leide\/","name":"Was ist zu tun, wenn ich unter Zahnempfindlichkeit leide? Ursachen, Symptome und Abhilfema\u00dfnahmen","isPartOf":{"@id":"https:\/\/globaldentalcare.it\/de\/#website"},"primaryImageOfPage":{"@id":"https:\/\/globaldentalcare.it\/de\/was-kann-ich-tun-wenn-ich-unter-zahnempfindlichkeit-leide\/#primaryimage"},"image":{"@id":"https:\/\/globaldentalcare.it\/de\/was-kann-ich-tun-wenn-ich-unter-zahnempfindlichkeit-leide\/#primaryimage"},"thumbnailUrl":"https:\/\/globaldentalcare.it\/wp-content\/uploads\/2023\/06\/cause-e-rimedi-ensiblita-dentale.jpg","datePublished":"2023-06-28T10:38:56+00:00","dateModified":"2025-05-02T11:12:57+00:00","description":"Obwohl Dentin\u00fcberempfindlichkeit oder Zahnempfindlichkeit eine sehr h\u00e4ufige Erkrankung ist, k\u00f6nnen die Ursachen und Merkmale unterschiedlich sein.","breadcrumb":{"@id":"https:\/\/globaldentalcare.it\/de\/was-kann-ich-tun-wenn-ich-unter-zahnempfindlichkeit-leide\/#breadcrumb"},"inLanguage":"de","potentialAction":[{"@type":"ReadAction","target":["https:\/\/globaldentalcare.it\/de\/was-kann-ich-tun-wenn-ich-unter-zahnempfindlichkeit-leide\/"]}]},{"@type":"ImageObject","inLanguage":"de","@id":"https:\/\/globaldentalcare.it\/de\/was-kann-ich-tun-wenn-ich-unter-zahnempfindlichkeit-leide\/#primaryimage","url":"https:\/\/globaldentalcare.it\/wp-content\/uploads\/2023\/06\/cause-e-rimedi-ensiblita-dentale.jpg","contentUrl":"https:\/\/globaldentalcare.it\/wp-content\/uploads\/2023\/06\/cause-e-rimedi-ensiblita-dentale.jpg","width":1140,"height":670},{"@type":"BreadcrumbList","@id":"https:\/\/globaldentalcare.it\/de\/was-kann-ich-tun-wenn-ich-unter-zahnempfindlichkeit-leide\/#breadcrumb","itemListElement":[{"@type":"ListItem","position":1,"name":"Home","item":"https:\/\/globaldentalcare.it\/de\/"},{"@type":"ListItem","position":2,"name":"Was kann ich tun, wenn ich unter Zahnempfindlichkeit leide?"}]},{"@type":"WebSite","@id":"https:\/\/globaldentalcare.it\/de\/#website","url":"https:\/\/globaldentalcare.it\/de\/","name":"Global Dental Care","description":"Global Dental Care","publisher":{"@id":"https:\/\/globaldentalcare.it\/de\/#organization"},"potentialAction":[{"@type":"SearchAction","target":{"@type":"EntryPoint","urlTemplate":"https:\/\/globaldentalcare.it\/de\/?s={search_term_string}"},"query-input":{"@type":"PropertyValueSpecification","valueRequired":true,"valueName":"search_term_string"}}],"inLanguage":"de"},{"@type":"Organization","@id":"https:\/\/globaldentalcare.it\/de\/#organization","name":"Global Dental Care","url":"https:\/\/globaldentalcare.it\/de\/","logo":{"@type":"ImageObject","inLanguage":"de","@id":"https:\/\/globaldentalcare.it\/de\/#\/schema\/logo\/image\/","url":"https:\/\/globaldentalcare.it\/wp-content\/uploads\/2024\/02\/logo-greco-dental-care.jpg","contentUrl":"https:\/\/globaldentalcare.it\/wp-content\/uploads\/2024\/02\/logo-greco-dental-care.jpg","width":696,"height":696,"caption":"Global Dental Care"},"image":{"@id":"https:\/\/globaldentalcare.it\/de\/#\/schema\/logo\/image\/"},"sameAs":["https:\/\/www.facebook.com\/grecodentalcare","https:\/\/www.instagram.com\/greco_dental_care\/"]},{"@type":"Person","@id":"https:\/\/globaldentalcare.it\/de\/#\/schema\/person\/1ee4b6f32498035734e5f93cf0ae6f70","name":"arsStaff","image":{"@type":"ImageObject","inLanguage":"de","@id":"https:\/\/globaldentalcare.it\/de\/#\/schema\/person\/image\/","url":"https:\/\/globaldentalcare.it\/wp-content\/litespeed\/avatar\/2c3531d9320d25bfda1f5e850a111f42.jpg?ver=1777557976","contentUrl":"https:\/\/globaldentalcare.it\/wp-content\/litespeed\/avatar\/2c3531d9320d25bfda1f5e850a111f42.jpg?ver=1777557976","caption":"arsStaff"},"sameAs":["https:\/\/globaldentalcare.it"],"url":"https:\/\/globaldentalcare.it\/de\/author\/arsStaff\/"}]}},"_links":{"self":[{"href":"https:\/\/globaldentalcare.it\/de\/wp-json\/wp\/v2\/posts\/2901","targetHints":{"allow":["GET"]}}],"collection":[{"href":"https:\/\/globaldentalcare.it\/de\/wp-json\/wp\/v2\/posts"}],"about":[{"href":"https:\/\/globaldentalcare.it\/de\/wp-json\/wp\/v2\/types\/post"}],"author":[{"embeddable":true,"href":"https:\/\/globaldentalcare.it\/de\/wp-json\/wp\/v2\/users\/1"}],"replies":[{"embeddable":true,"href":"https:\/\/globaldentalcare.it\/de\/wp-json\/wp\/v2\/comments?post=2901"}],"version-history":[{"count":2,"href":"https:\/\/globaldentalcare.it\/de\/wp-json\/wp\/v2\/posts\/2901\/revisions"}],"predecessor-version":[{"id":2903,"href":"https:\/\/globaldentalcare.it\/de\/wp-json\/wp\/v2\/posts\/2901\/revisions\/2903"}],"wp:featuredmedia":[{"embeddable":true,"href":"https:\/\/globaldentalcare.it\/de\/wp-json\/wp\/v2\/media\/2366"}],"wp:attachment":[{"href":"https:\/\/globaldentalcare.it\/de\/wp-json\/wp\/v2\/media?parent=2901"}],"wp:term":[{"taxonomy":"category","embeddable":true,"href":"https:\/\/globaldentalcare.it\/de\/wp-json\/wp\/v2\/categories?post=2901"},{"taxonomy":"post_tag","embeddable":true,"href":"https:\/\/globaldentalcare.it\/de\/wp-json\/wp\/v2\/tags?post=2901"}],"curies":[{"name":"wp","href":"https:\/\/api.w.org\/{rel}","templated":true}]}}