{"id":2838,"date":"2023-03-15T16:10:07","date_gmt":"2023-03-15T16:10:07","guid":{"rendered":"https:\/\/www.greco-dentalcare.it\/ist-karies-ansteckend\/"},"modified":"2025-05-02T11:12:28","modified_gmt":"2025-05-02T11:12:28","slug":"ist-karies-ansteckend","status":"publish","type":"post","link":"https:\/\/globaldentalcare.it\/de\/ist-karies-ansteckend\/","title":{"rendered":"Ist Karies ansteckend?"},"content":{"rendered":"<div class=\"wpb-content-wrapper\"><p>[vc_row][vc_column][vc_row_inner][vc_column_inner width=&#8221;1\/6&#8243;][\/vc_column_inner][vc_column_inner width=&#8221;2\/3&#8243; ct_column_inner_class=&#8221;rm-padding-sm&#8221; css=&#8221;.vc_custom_1544857845421{padding-right: 40px !important;padding-bottom: 61px !important;padding-left: 40px !important;}&#8221;][ct_heading text=&#8221;Ist Karies ansteckend?&#8221; text_below=&#8221;Blog&#8221; align_lg=&#8221;align-center&#8221; align_md=&#8221;align-center-md&#8221; align_sm=&#8221;align-center-sm&#8221; align_xs=&#8221;align-center-xs&#8221; font_weight=&#8221;&#8221; description_font_size=&#8221;18&#8243; description_color=&#8221;#1e3b76&#8243;][\/vc_column_inner][vc_column_inner width=&#8221;1\/6&#8243;][\/vc_column_inner][\/vc_row_inner][\/vc_column][\/vc_row][vc_row][vc_column][vc_single_image source=&#8221;featured_image&#8221; img_size=&#8221;full&#8221; alignment=&#8221;center&#8221; css_animation=&#8221;zoomIn&#8221;][\/vc_column][\/vc_row][vc_row][vc_column width=&#8221;2\/3&#8243;][vc_column_text]Es ist schwierig, eine Antwort auf diese Frage zu geben, oder zumindest k\u00f6nnen wir das nicht mit Sicherheit sagen, denn Karies wird von der Weltgesundheitsorganisation (WHO) als eine <strong>multifaktorielle<\/strong> Erkrankung mit <strong>infekti\u00f6sem Charakter<\/strong> definiert, die insbesondere durch Bakterienarten wie <em>Streptokokken der Mutans-Gruppe und Laktobazillen <\/em> getragen wird.  <\/p>\n<p>Die \u00dcbertragung dieser Bakterien durch den Austausch von Speichel (durch gemeinsames Benutzen von Besteck, Gl\u00e4sern oder durch K\u00fcssen auf den Mund) ist durchaus m\u00f6glich.<\/p>\n<p>Wir k\u00f6nnen dies jedoch nicht absolut bejahen, da die blo\u00dfe Anwesenheit dieser Bakterien in der Mundh\u00f6hle allein nicht ausreicht, um die Krankheit zu verursachen.<\/p>\n<p>Karies hat in der Tat einen multifaktoriellen Ursprung, d.h. es ist notwendig, dass andere Faktoren wie der Wirt, <strong>die Ern\u00e4hrung<\/strong> und die <strong>hygienischen Gewohnheiten<\/strong> des Individuums eingreifen und das normalerweise bestehende<strong>Gleichgewicht<\/strong> zwischen den <strong>Kariesbakterien<\/strong> und dem<strong> Rest der<\/strong> im Speichel vorhandenen<strong> Bakterienflora<\/strong> ver\u00e4ndern.<\/p>\n<h2>Karies bei Kindern<\/h2>\n<p>Wir wissen jedoch mit Sicherheit, dass die Mundh\u00f6hle des Neugeborenen bei der Geburt noch steril ist und der Haupttr\u00e4ger der kariogenen Bakterienflora die Mutter und die Pflegeperson ist.<\/p>\n<p><strong>ECC (Early Childhood Caries)<\/strong> ist eine <strong>fr\u00fchkindliche<\/strong> Karies, die sich bereits kurz nach dem Durchbruch der ersten Z\u00e4hne entwickeln und die Milchz\u00e4hne schwer sch\u00e4digen kann, mit allen daraus resultierenden Folgen. Es ist daher von gr\u00f6\u00dfter Bedeutung, dass die Mutter bereits w\u00e4hrend der Schwangerschaft auf ihren Mund und ihre Mundgesundheit achtet, um die bakterielle Belastung zu senken, die dann nach der Geburt auf ihr Baby \u00fcbertragen werden kann. <\/p>\n<p>Der Austausch von Besteck zwischen Erwachsenen und Kindern oder zwischen Geschwistern (insbesondere wenn sie Karies haben) <strong>sollte<\/strong> immer <strong>vermieden werden<\/strong>, ebenso wie die Angewohnheit, den Schnuller vom Mund der Mutter in den Mund des Kindes zu geben, um ihn zu reinigen.[\/vc_column_text][\/vc_column][vc_column width=&#8221;1\/3&#8243;][vc_widget_sidebar sidebar_id=&#8221;sidebar-blog&#8221;][\/vc_column][\/vc_row]<\/p>\n<\/div>","protected":false},"excerpt":{"rendered":"<p>Es besteht die M\u00f6glichkeit der \u00dcbertragung von Kariesbakterien durch den Austausch von Speichel beim Teilen von Besteck&#8230;<\/p>\n","protected":false},"author":1,"featured_media":2353,"comment_status":"open","ping_status":"open","sticky":false,"template":"","format":"standard","meta":{"footnotes":""},"categories":[78],"tags":[],"class_list":["post-2838","post","type-post","status-publish","format-standard","has-post-thumbnail","hentry","category-kinder"],"yoast_head":"<!-- This site is optimized with the Yoast SEO plugin v26.5 - https:\/\/yoast.com\/wordpress\/plugins\/seo\/ -->\n<title>Ist Karies ansteckend? - Greco Zahnpflege<\/title>\n<meta name=\"description\" content=\"Es besteht die M\u00f6glichkeit der \u00dcbertragung von Kariesbakterien durch den Austausch von Speichel beim Teilen von Besteck...\" \/>\n<meta name=\"robots\" content=\"index, follow, max-snippet:-1, max-image-preview:large, max-video-preview:-1\" \/>\n<link rel=\"canonical\" href=\"https:\/\/globaldentalcare.it\/de\/ist-karies-ansteckend\/\" \/>\n<meta property=\"og:locale\" content=\"de_DE\" \/>\n<meta property=\"og:type\" content=\"article\" \/>\n<meta property=\"og:title\" content=\"Ist Karies ansteckend? - Greco Zahnpflege\" \/>\n<meta property=\"og:description\" content=\"Es besteht die M\u00f6glichkeit, Kariesbakterien durch den Austausch von Speichel beim gemeinsamen Benutzen von Besteck zu \u00fcbertragen, aber das ist nicht immer ausreichend.\" \/>\n<meta property=\"og:url\" content=\"https:\/\/globaldentalcare.it\/de\/ist-karies-ansteckend\/\" \/>\n<meta property=\"og:site_name\" content=\"Global Dental Care\" \/>\n<meta property=\"article:publisher\" content=\"https:\/\/www.facebook.com\/grecodentalcare\" \/>\n<meta property=\"article:published_time\" content=\"2023-03-15T16:10:07+00:00\" \/>\n<meta property=\"article:modified_time\" content=\"2025-05-02T11:12:28+00:00\" \/>\n<meta property=\"og:image\" content=\"https:\/\/globaldentalcare.it\/wp-content\/uploads\/2023\/03\/Igiene-orale1-scaled.jpg\" \/>\n\t<meta property=\"og:image:width\" content=\"2560\" \/>\n\t<meta property=\"og:image:height\" content=\"1505\" \/>\n\t<meta property=\"og:image:type\" content=\"image\/jpeg\" \/>\n<meta name=\"author\" content=\"arsStaff\" \/>\n<meta name=\"twitter:card\" content=\"summary_large_image\" \/>\n<meta name=\"twitter:title\" content=\"Ist Karies ansteckend? - Greco Zahnpflege\" \/>\n<meta name=\"twitter:description\" content=\"Es besteht die M\u00f6glichkeit, Kariesbakterien durch den Austausch von Speichel beim gemeinsamen Benutzen von Besteck zu \u00fcbertragen, aber das ist nicht immer ausreichend.\" \/>\n<meta name=\"twitter:label1\" content=\"Verfasst von\" \/>\n\t<meta name=\"twitter:data1\" content=\"arsStaff\" \/>\n\t<meta name=\"twitter:label2\" content=\"Gesch\u00e4tzte Lesezeit\" \/>\n\t<meta name=\"twitter:data2\" content=\"2\u00a0Minuten\" \/>\n<script type=\"application\/ld+json\" class=\"yoast-schema-graph\">{\"@context\":\"https:\/\/schema.org\",\"@graph\":[{\"@type\":\"Article\",\"@id\":\"https:\/\/globaldentalcare.it\/de\/ist-karies-ansteckend\/#article\",\"isPartOf\":{\"@id\":\"https:\/\/globaldentalcare.it\/de\/ist-karies-ansteckend\/\"},\"author\":{\"name\":\"arsStaff\",\"@id\":\"https:\/\/globaldentalcare.it\/de\/#\/schema\/person\/1ee4b6f32498035734e5f93cf0ae6f70\"},\"headline\":\"Ist Karies ansteckend?\",\"datePublished\":\"2023-03-15T16:10:07+00:00\",\"dateModified\":\"2025-05-02T11:12:28+00:00\",\"mainEntityOfPage\":{\"@id\":\"https:\/\/globaldentalcare.it\/de\/ist-karies-ansteckend\/\"},\"wordCount\":428,\"commentCount\":0,\"publisher\":{\"@id\":\"https:\/\/globaldentalcare.it\/de\/#organization\"},\"image\":{\"@id\":\"https:\/\/globaldentalcare.it\/de\/ist-karies-ansteckend\/#primaryimage\"},\"thumbnailUrl\":\"https:\/\/globaldentalcare.it\/wp-content\/uploads\/2023\/03\/Igiene-orale1-scaled.jpg\",\"articleSection\":[\"Kinder\"],\"inLanguage\":\"de\",\"potentialAction\":[{\"@type\":\"CommentAction\",\"name\":\"Comment\",\"target\":[\"https:\/\/globaldentalcare.it\/de\/ist-karies-ansteckend\/#respond\"]}]},{\"@type\":\"WebPage\",\"@id\":\"https:\/\/globaldentalcare.it\/de\/ist-karies-ansteckend\/\",\"url\":\"https:\/\/globaldentalcare.it\/de\/ist-karies-ansteckend\/\",\"name\":\"Ist Karies ansteckend? - Greco Zahnpflege\",\"isPartOf\":{\"@id\":\"https:\/\/globaldentalcare.it\/de\/#website\"},\"primaryImageOfPage\":{\"@id\":\"https:\/\/globaldentalcare.it\/de\/ist-karies-ansteckend\/#primaryimage\"},\"image\":{\"@id\":\"https:\/\/globaldentalcare.it\/de\/ist-karies-ansteckend\/#primaryimage\"},\"thumbnailUrl\":\"https:\/\/globaldentalcare.it\/wp-content\/uploads\/2023\/03\/Igiene-orale1-scaled.jpg\",\"datePublished\":\"2023-03-15T16:10:07+00:00\",\"dateModified\":\"2025-05-02T11:12:28+00:00\",\"description\":\"Es besteht die M\u00f6glichkeit der \u00dcbertragung von Kariesbakterien durch den Austausch von Speichel beim Teilen von Besteck...\",\"breadcrumb\":{\"@id\":\"https:\/\/globaldentalcare.it\/de\/ist-karies-ansteckend\/#breadcrumb\"},\"inLanguage\":\"de\",\"potentialAction\":[{\"@type\":\"ReadAction\",\"target\":[\"https:\/\/globaldentalcare.it\/de\/ist-karies-ansteckend\/\"]}]},{\"@type\":\"ImageObject\",\"inLanguage\":\"de\",\"@id\":\"https:\/\/globaldentalcare.it\/de\/ist-karies-ansteckend\/#primaryimage\",\"url\":\"https:\/\/globaldentalcare.it\/wp-content\/uploads\/2023\/03\/Igiene-orale1-scaled.jpg\",\"contentUrl\":\"https:\/\/globaldentalcare.it\/wp-content\/uploads\/2023\/03\/Igiene-orale1-scaled.jpg\",\"width\":2560,\"height\":1505},{\"@type\":\"BreadcrumbList\",\"@id\":\"https:\/\/globaldentalcare.it\/de\/ist-karies-ansteckend\/#breadcrumb\",\"itemListElement\":[{\"@type\":\"ListItem\",\"position\":1,\"name\":\"Home\",\"item\":\"https:\/\/globaldentalcare.it\/de\/\"},{\"@type\":\"ListItem\",\"position\":2,\"name\":\"Ist Karies ansteckend?\"}]},{\"@type\":\"WebSite\",\"@id\":\"https:\/\/globaldentalcare.it\/de\/#website\",\"url\":\"https:\/\/globaldentalcare.it\/de\/\",\"name\":\"Global Dental Care\",\"description\":\"Global Dental Care\",\"publisher\":{\"@id\":\"https:\/\/globaldentalcare.it\/de\/#organization\"},\"potentialAction\":[{\"@type\":\"SearchAction\",\"target\":{\"@type\":\"EntryPoint\",\"urlTemplate\":\"https:\/\/globaldentalcare.it\/de\/?s={search_term_string}\"},\"query-input\":{\"@type\":\"PropertyValueSpecification\",\"valueRequired\":true,\"valueName\":\"search_term_string\"}}],\"inLanguage\":\"de\"},{\"@type\":\"Organization\",\"@id\":\"https:\/\/globaldentalcare.it\/de\/#organization\",\"name\":\"Global Dental Care\",\"url\":\"https:\/\/globaldentalcare.it\/de\/\",\"logo\":{\"@type\":\"ImageObject\",\"inLanguage\":\"de\",\"@id\":\"https:\/\/globaldentalcare.it\/de\/#\/schema\/logo\/image\/\",\"url\":\"https:\/\/globaldentalcare.it\/wp-content\/uploads\/2024\/02\/logo-greco-dental-care.jpg\",\"contentUrl\":\"https:\/\/globaldentalcare.it\/wp-content\/uploads\/2024\/02\/logo-greco-dental-care.jpg\",\"width\":696,\"height\":696,\"caption\":\"Global Dental Care\"},\"image\":{\"@id\":\"https:\/\/globaldentalcare.it\/de\/#\/schema\/logo\/image\/\"},\"sameAs\":[\"https:\/\/www.facebook.com\/grecodentalcare\",\"https:\/\/www.instagram.com\/greco_dental_care\/\"]},{\"@type\":\"Person\",\"@id\":\"https:\/\/globaldentalcare.it\/de\/#\/schema\/person\/1ee4b6f32498035734e5f93cf0ae6f70\",\"name\":\"arsStaff\",\"image\":{\"@type\":\"ImageObject\",\"inLanguage\":\"de\",\"@id\":\"https:\/\/globaldentalcare.it\/de\/#\/schema\/person\/image\/\",\"url\":\"https:\/\/globaldentalcare.it\/wp-content\/litespeed\/avatar\/2c3531d9320d25bfda1f5e850a111f42.jpg?ver=1777557976\",\"contentUrl\":\"https:\/\/globaldentalcare.it\/wp-content\/litespeed\/avatar\/2c3531d9320d25bfda1f5e850a111f42.jpg?ver=1777557976\",\"caption\":\"arsStaff\"},\"sameAs\":[\"https:\/\/globaldentalcare.it\"],\"url\":\"https:\/\/globaldentalcare.it\/de\/author\/arsStaff\/\"}]}<\/script>\n<!-- \/ Yoast SEO plugin. -->","yoast_head_json":{"title":"Ist Karies ansteckend? - Greco Zahnpflege","description":"Es besteht die M\u00f6glichkeit der \u00dcbertragung von Kariesbakterien durch den Austausch von Speichel beim Teilen von Besteck...","robots":{"index":"index","follow":"follow","max-snippet":"max-snippet:-1","max-image-preview":"max-image-preview:large","max-video-preview":"max-video-preview:-1"},"canonical":"https:\/\/globaldentalcare.it\/de\/ist-karies-ansteckend\/","og_locale":"de_DE","og_type":"article","og_title":"Ist Karies ansteckend? - Greco Zahnpflege","og_description":"Es besteht die M\u00f6glichkeit, Kariesbakterien durch den Austausch von Speichel beim gemeinsamen Benutzen von Besteck zu \u00fcbertragen, aber das ist nicht immer ausreichend.","og_url":"https:\/\/globaldentalcare.it\/de\/ist-karies-ansteckend\/","og_site_name":"Global Dental Care","article_publisher":"https:\/\/www.facebook.com\/grecodentalcare","article_published_time":"2023-03-15T16:10:07+00:00","article_modified_time":"2025-05-02T11:12:28+00:00","og_image":[{"width":2560,"height":1505,"url":"https:\/\/globaldentalcare.it\/wp-content\/uploads\/2023\/03\/Igiene-orale1-scaled.jpg","type":"image\/jpeg"}],"author":"arsStaff","twitter_card":"summary_large_image","twitter_title":"Ist Karies ansteckend? - Greco Zahnpflege","twitter_description":"Es besteht die M\u00f6glichkeit, Kariesbakterien durch den Austausch von Speichel beim gemeinsamen Benutzen von Besteck zu \u00fcbertragen, aber das ist nicht immer ausreichend.","twitter_misc":{"Verfasst von":"arsStaff","Gesch\u00e4tzte Lesezeit":"2\u00a0Minuten"},"schema":{"@context":"https:\/\/schema.org","@graph":[{"@type":"Article","@id":"https:\/\/globaldentalcare.it\/de\/ist-karies-ansteckend\/#article","isPartOf":{"@id":"https:\/\/globaldentalcare.it\/de\/ist-karies-ansteckend\/"},"author":{"name":"arsStaff","@id":"https:\/\/globaldentalcare.it\/de\/#\/schema\/person\/1ee4b6f32498035734e5f93cf0ae6f70"},"headline":"Ist Karies ansteckend?","datePublished":"2023-03-15T16:10:07+00:00","dateModified":"2025-05-02T11:12:28+00:00","mainEntityOfPage":{"@id":"https:\/\/globaldentalcare.it\/de\/ist-karies-ansteckend\/"},"wordCount":428,"commentCount":0,"publisher":{"@id":"https:\/\/globaldentalcare.it\/de\/#organization"},"image":{"@id":"https:\/\/globaldentalcare.it\/de\/ist-karies-ansteckend\/#primaryimage"},"thumbnailUrl":"https:\/\/globaldentalcare.it\/wp-content\/uploads\/2023\/03\/Igiene-orale1-scaled.jpg","articleSection":["Kinder"],"inLanguage":"de","potentialAction":[{"@type":"CommentAction","name":"Comment","target":["https:\/\/globaldentalcare.it\/de\/ist-karies-ansteckend\/#respond"]}]},{"@type":"WebPage","@id":"https:\/\/globaldentalcare.it\/de\/ist-karies-ansteckend\/","url":"https:\/\/globaldentalcare.it\/de\/ist-karies-ansteckend\/","name":"Ist Karies ansteckend? - Greco Zahnpflege","isPartOf":{"@id":"https:\/\/globaldentalcare.it\/de\/#website"},"primaryImageOfPage":{"@id":"https:\/\/globaldentalcare.it\/de\/ist-karies-ansteckend\/#primaryimage"},"image":{"@id":"https:\/\/globaldentalcare.it\/de\/ist-karies-ansteckend\/#primaryimage"},"thumbnailUrl":"https:\/\/globaldentalcare.it\/wp-content\/uploads\/2023\/03\/Igiene-orale1-scaled.jpg","datePublished":"2023-03-15T16:10:07+00:00","dateModified":"2025-05-02T11:12:28+00:00","description":"Es besteht die M\u00f6glichkeit der \u00dcbertragung von Kariesbakterien durch den Austausch von Speichel beim Teilen von Besteck...","breadcrumb":{"@id":"https:\/\/globaldentalcare.it\/de\/ist-karies-ansteckend\/#breadcrumb"},"inLanguage":"de","potentialAction":[{"@type":"ReadAction","target":["https:\/\/globaldentalcare.it\/de\/ist-karies-ansteckend\/"]}]},{"@type":"ImageObject","inLanguage":"de","@id":"https:\/\/globaldentalcare.it\/de\/ist-karies-ansteckend\/#primaryimage","url":"https:\/\/globaldentalcare.it\/wp-content\/uploads\/2023\/03\/Igiene-orale1-scaled.jpg","contentUrl":"https:\/\/globaldentalcare.it\/wp-content\/uploads\/2023\/03\/Igiene-orale1-scaled.jpg","width":2560,"height":1505},{"@type":"BreadcrumbList","@id":"https:\/\/globaldentalcare.it\/de\/ist-karies-ansteckend\/#breadcrumb","itemListElement":[{"@type":"ListItem","position":1,"name":"Home","item":"https:\/\/globaldentalcare.it\/de\/"},{"@type":"ListItem","position":2,"name":"Ist Karies ansteckend?"}]},{"@type":"WebSite","@id":"https:\/\/globaldentalcare.it\/de\/#website","url":"https:\/\/globaldentalcare.it\/de\/","name":"Global Dental Care","description":"Global Dental Care","publisher":{"@id":"https:\/\/globaldentalcare.it\/de\/#organization"},"potentialAction":[{"@type":"SearchAction","target":{"@type":"EntryPoint","urlTemplate":"https:\/\/globaldentalcare.it\/de\/?s={search_term_string}"},"query-input":{"@type":"PropertyValueSpecification","valueRequired":true,"valueName":"search_term_string"}}],"inLanguage":"de"},{"@type":"Organization","@id":"https:\/\/globaldentalcare.it\/de\/#organization","name":"Global Dental Care","url":"https:\/\/globaldentalcare.it\/de\/","logo":{"@type":"ImageObject","inLanguage":"de","@id":"https:\/\/globaldentalcare.it\/de\/#\/schema\/logo\/image\/","url":"https:\/\/globaldentalcare.it\/wp-content\/uploads\/2024\/02\/logo-greco-dental-care.jpg","contentUrl":"https:\/\/globaldentalcare.it\/wp-content\/uploads\/2024\/02\/logo-greco-dental-care.jpg","width":696,"height":696,"caption":"Global Dental Care"},"image":{"@id":"https:\/\/globaldentalcare.it\/de\/#\/schema\/logo\/image\/"},"sameAs":["https:\/\/www.facebook.com\/grecodentalcare","https:\/\/www.instagram.com\/greco_dental_care\/"]},{"@type":"Person","@id":"https:\/\/globaldentalcare.it\/de\/#\/schema\/person\/1ee4b6f32498035734e5f93cf0ae6f70","name":"arsStaff","image":{"@type":"ImageObject","inLanguage":"de","@id":"https:\/\/globaldentalcare.it\/de\/#\/schema\/person\/image\/","url":"https:\/\/globaldentalcare.it\/wp-content\/litespeed\/avatar\/2c3531d9320d25bfda1f5e850a111f42.jpg?ver=1777557976","contentUrl":"https:\/\/globaldentalcare.it\/wp-content\/litespeed\/avatar\/2c3531d9320d25bfda1f5e850a111f42.jpg?ver=1777557976","caption":"arsStaff"},"sameAs":["https:\/\/globaldentalcare.it"],"url":"https:\/\/globaldentalcare.it\/de\/author\/arsStaff\/"}]}},"_links":{"self":[{"href":"https:\/\/globaldentalcare.it\/de\/wp-json\/wp\/v2\/posts\/2838","targetHints":{"allow":["GET"]}}],"collection":[{"href":"https:\/\/globaldentalcare.it\/de\/wp-json\/wp\/v2\/posts"}],"about":[{"href":"https:\/\/globaldentalcare.it\/de\/wp-json\/wp\/v2\/types\/post"}],"author":[{"embeddable":true,"href":"https:\/\/globaldentalcare.it\/de\/wp-json\/wp\/v2\/users\/1"}],"replies":[{"embeddable":true,"href":"https:\/\/globaldentalcare.it\/de\/wp-json\/wp\/v2\/comments?post=2838"}],"version-history":[{"count":8,"href":"https:\/\/globaldentalcare.it\/de\/wp-json\/wp\/v2\/posts\/2838\/revisions"}],"predecessor-version":[{"id":2862,"href":"https:\/\/globaldentalcare.it\/de\/wp-json\/wp\/v2\/posts\/2838\/revisions\/2862"}],"wp:featuredmedia":[{"embeddable":true,"href":"https:\/\/globaldentalcare.it\/de\/wp-json\/wp\/v2\/media\/2353"}],"wp:attachment":[{"href":"https:\/\/globaldentalcare.it\/de\/wp-json\/wp\/v2\/media?parent=2838"}],"wp:term":[{"taxonomy":"category","embeddable":true,"href":"https:\/\/globaldentalcare.it\/de\/wp-json\/wp\/v2\/categories?post=2838"},{"taxonomy":"post_tag","embeddable":true,"href":"https:\/\/globaldentalcare.it\/de\/wp-json\/wp\/v2\/tags?post=2838"}],"curies":[{"name":"wp","href":"https:\/\/api.w.org\/{rel}","templated":true}]}}