{"id":2750,"date":"2023-10-02T09:53:59","date_gmt":"2023-10-02T09:53:59","guid":{"rendered":"https:\/\/www.greco-dentalcare.it\/schnuller-fuer-babys-ja-oder-nein\/"},"modified":"2025-05-02T10:49:13","modified_gmt":"2025-05-02T10:49:13","slug":"schnuller-fuer-babys-ja-oder-nein","status":"publish","type":"post","link":"https:\/\/globaldentalcare.it\/de\/schnuller-fuer-babys-ja-oder-nein\/","title":{"rendered":"Schnuller f\u00fcr Babys? Ja oder Nein?"},"content":{"rendered":"<div class=\"wpb-content-wrapper\"><p>[vc_row][vc_column][vc_row_inner][vc_column_inner width=&#8221;1\/6&#8243;][\/vc_column_inner][vc_column_inner width=&#8221;2\/3&#8243; ct_column_inner_class=&#8221;rm-padding-sm&#8221; css=&#8221;.vc_custom_1544857845421{padding-right: 40px !important;padding-bottom: 61px !important;padding-left: 40px !important;}&#8221;][ct_heading text=&#8221;Schnuller f\u00fcr Babys? Ja oder Nein?&#8221; text_below=&#8221;Blog&#8221; align_lg=&#8221;align-center&#8221; align_md=&#8221;align-center-md&#8221; align_sm=&#8221;align-center-sm&#8221; align_xs=&#8221;align-center-xs&#8221; font_weight=&#8221;&#8221; description_font_size=&#8221;18&#8243; description_color=&#8221;#1e3b76&#8243;][\/vc_column_inner][vc_column_inner width=&#8221;1\/6&#8243;][\/vc_column_inner][\/vc_row_inner][\/vc_column][\/vc_row][vc_row][vc_column][vc_single_image source=&#8221;featured_image&#8221; img_size=&#8221;full&#8221; alignment=&#8221;center&#8221; css_animation=&#8221;zoomIn&#8221;][\/vc_column][\/vc_row][vc_row][vc_column width=&#8221;2\/3&#8243;][vc_column_text]Es gibt immer noch viele Diskussionen \u00fcber die Verwendung des Schnullers: Es ist f\u00fcr Eltern sehr schwierig zu verstehen, ob diese Angewohnheit richtig oder falsch ist und wann es am besten w\u00e4re, davon abzuraten.<\/p>\n<p>Sicherlich ist zu beachten, dass alle S\u00e4uglinge und Kinder bis zum Alter von drei Jahren einen angeborenen Sauginstinkt haben, der bereits im Mutterleib beginnt und es ihnen erm\u00f6glicht, sofort mit dem Saugen an der Brust zu beginnen.<\/p>\n<p>Dieser Charakter des Kindes setzt sich jedoch auch in der oralen Phase fort, um ein m\u00f6gliches Wissen \u00fcber die Objekte um es herum zu erlangen: Alle Kinder unter drei Jahren versuchen n\u00e4mlich, jedes Objekt, das sie greifen, zum Mund zu f\u00fchren.<\/p>\n<p>Nicht-nutritives Saugen, wie das Saugen am Schnuller, hilft dem Baby, Trost und Ruhe zu finden, auch wenn das Saugen an der Mutterbrust mit dem Abstillen reduziert oder eingestellt wird.<\/p>\n<p><strong>Um die Frage <em>&#8216;Schnuller ja oder nein?<\/em>&#8216; zu beantworten, lautet die Antwort also <em>&#8216;Ja, aber zur richtigen Zeit und auf die richtige Weise&#8217;.<\/em><\/strong><\/p>\n<p>Ja, wenn Sie den Schnuller anbieten, wenn das Stillen gut l\u00e4uft, so dass er das Stillen nicht beeintr\u00e4chtigt. Ja, wenn Sie ihn ausschlie\u00dflich als Beruhigungsmittel verwenden. Ihr Kind wird zu gegebener Zeit aufh\u00f6ren, ihn zu benutzen <strong>(am besten mit 6-12 Monaten und maximal mit 2 Jahren).<\/strong> Es ist wichtig, einen anatomischen Schnuller zu w\u00e4hlen, der die Zahnb\u00f6gen so wenig wie m\u00f6glich verformt, und ihn Ihrem Baby nur zum Einschlafen oder zur Beruhigung anzubieten, niemals beim Aufwachen und Spielen.  <\/p>\n<p>Je kontinuierlicher und l\u00e4nger der Gebrauch ist, desto gr\u00f6\u00dfer ist das Risiko einer Verformung der B\u00f6gen und des Mundes. Es hat sich jedoch gezeigt, dass, wenn der Schnuller richtig gew\u00e4hlt und vor dem Alter von 2-3 Jahren abgesetzt wird, das Risiko von Mundverformungen praktisch nicht vorhanden ist. Es besteht jedoch ein erh\u00f6htes Risiko einer <strong>Mittelohrentz\u00fcndung<\/strong> (die Bewegungen des Gaumens beg\u00fcnstigen den Durchtritt von Sekreten aus der Nase in das Mittelohr), von <strong>Infektionen<\/strong> (der Schnuller ist, wenn er nicht sterilisiert wird, ein Auffangbecken f\u00fcr Bakterien) und von <strong>Sprachproblemen<\/strong> (das Kind gew\u00f6hnt sich daran, mit dem Schnuller zu sprechen).  <\/p>\n<p><strong>Am besten ist es, den Gebrauch des Schnullers nie \u00fcber das Alter von drei Jahren hinaus auszudehnen<\/strong> und bereits im Alter von 6-12 Monaten des Kindes damit zu beginnen, ihn allm\u00e4hlich zu reduzieren.<\/p>\n<p><strong>Zu seinen Gunsten muss gesagt werden, dass der Schnuller das Kind oft davon abhalten kann, am Daumen oder an anderen Fingern zu lutschen. Gerade wegen des angeborenen Sauginstinkts kann das Kind auf diese Praktiken zur\u00fcckgreifen, die viel schwieriger zu beseitigen sind und die sicherlich schwerwiegendere Verformungen des Mundes und der Z\u00e4hne verursachen k\u00f6nnen. <\/strong><\/p>\n<p>Es gibt auch viele Kinder, die den Schnuller nicht wollen, und in all diesen F\u00e4llen ist es absolut nicht notwendig, darauf zu bestehen! Wenn Ihr Kind auch nach dem dritten Lebensjahr nicht auf den Schnuller verzichten will, sollten Sie es nicht \u00fcberdramatisieren, sondern einen Kinderzahnarzt aufsuchen, der das Risiko f\u00fcr den Mund Ihres Kindes bei l\u00e4ngerem Gebrauch einsch\u00e4tzen und Ihnen den besten Rat geben kann, um es davon zu \u00fcberzeugen, ihn abzugeben.[\/vc_column_text][\/vc_column][vc_column width=&#8221;1\/3&#8243;][vc_widget_sidebar sidebar_id=&#8221;sidebar-blog&#8221;][\/vc_column][\/vc_row]<\/p>\n<\/div>","protected":false},"excerpt":{"rendered":"<p>Es ist wichtig, sich \u00fcber die Auswirkungen einer l\u00e4ngeren Verwendung von Schnullern auf die Zahnpflege von Kindern bewusst zu sein.<\/p>\n","protected":false},"author":1,"featured_media":2427,"comment_status":"open","ping_status":"open","sticky":false,"template":"","format":"standard","meta":{"footnotes":""},"categories":[78],"tags":[],"class_list":["post-2750","post","type-post","status-publish","format-standard","has-post-thumbnail","hentry","category-kinder"],"yoast_head":"<!-- This site is optimized with the Yoast SEO plugin v26.5 - https:\/\/yoast.com\/wordpress\/plugins\/seo\/ -->\n<title>Schnuller f\u00fcr S\u00e4uglinge: ja oder nein? - Greco Zahnpflege Bozen<\/title>\n<meta name=\"description\" content=\"Es ist wichtig, sich \u00fcber die Auswirkungen einer l\u00e4ngeren Verwendung von Schnullern auf die Zahnpflege von Kindern bewusst zu sein.\" \/>\n<meta name=\"robots\" content=\"index, follow, max-snippet:-1, max-image-preview:large, max-video-preview:-1\" \/>\n<link rel=\"canonical\" href=\"https:\/\/globaldentalcare.it\/de\/schnuller-fuer-babys-ja-oder-nein\/\" \/>\n<meta property=\"og:locale\" content=\"de_DE\" \/>\n<meta property=\"og:type\" content=\"article\" \/>\n<meta property=\"og:title\" content=\"Schnuller f\u00fcr S\u00e4uglinge: ja oder nein? - Greco Zahnpflege Bozen\" \/>\n<meta property=\"og:description\" content=\"Es ist wichtig, sich \u00fcber die Auswirkungen einer l\u00e4ngeren Verwendung von Schnullern auf die Zahnpflege von Kindern bewusst zu sein.\" \/>\n<meta property=\"og:url\" content=\"https:\/\/globaldentalcare.it\/de\/schnuller-fuer-babys-ja-oder-nein\/\" \/>\n<meta property=\"og:site_name\" content=\"Global Dental Care\" \/>\n<meta property=\"article:publisher\" content=\"https:\/\/www.facebook.com\/grecodentalcare\" \/>\n<meta property=\"article:published_time\" content=\"2023-10-02T09:53:59+00:00\" \/>\n<meta property=\"article:modified_time\" content=\"2025-05-02T10:49:13+00:00\" \/>\n<meta property=\"og:image\" content=\"https:\/\/globaldentalcare.it\/wp-content\/uploads\/2023\/10\/ciuccio-ai-bambini.jpg\" \/>\n\t<meta property=\"og:image:width\" content=\"1140\" \/>\n\t<meta property=\"og:image:height\" content=\"670\" \/>\n\t<meta property=\"og:image:type\" content=\"image\/jpeg\" \/>\n<meta name=\"author\" content=\"arsStaff\" \/>\n<meta name=\"twitter:card\" content=\"summary_large_image\" \/>\n<meta name=\"twitter:label1\" content=\"Verfasst von\" \/>\n\t<meta name=\"twitter:data1\" content=\"arsStaff\" \/>\n\t<meta name=\"twitter:label2\" content=\"Gesch\u00e4tzte Lesezeit\" \/>\n\t<meta name=\"twitter:data2\" content=\"3\u00a0Minuten\" \/>\n<script type=\"application\/ld+json\" class=\"yoast-schema-graph\">{\"@context\":\"https:\/\/schema.org\",\"@graph\":[{\"@type\":\"Article\",\"@id\":\"https:\/\/globaldentalcare.it\/de\/schnuller-fuer-babys-ja-oder-nein\/#article\",\"isPartOf\":{\"@id\":\"https:\/\/globaldentalcare.it\/de\/schnuller-fuer-babys-ja-oder-nein\/\"},\"author\":{\"name\":\"arsStaff\",\"@id\":\"https:\/\/globaldentalcare.it\/de\/#\/schema\/person\/1ee4b6f32498035734e5f93cf0ae6f70\"},\"headline\":\"Schnuller f\u00fcr Babys? Ja oder Nein?\",\"datePublished\":\"2023-10-02T09:53:59+00:00\",\"dateModified\":\"2025-05-02T10:49:13+00:00\",\"mainEntityOfPage\":{\"@id\":\"https:\/\/globaldentalcare.it\/de\/schnuller-fuer-babys-ja-oder-nein\/\"},\"wordCount\":668,\"commentCount\":0,\"publisher\":{\"@id\":\"https:\/\/globaldentalcare.it\/de\/#organization\"},\"image\":{\"@id\":\"https:\/\/globaldentalcare.it\/de\/schnuller-fuer-babys-ja-oder-nein\/#primaryimage\"},\"thumbnailUrl\":\"https:\/\/globaldentalcare.it\/wp-content\/uploads\/2023\/10\/ciuccio-ai-bambini.jpg\",\"articleSection\":[\"Kinder\"],\"inLanguage\":\"de\",\"potentialAction\":[{\"@type\":\"CommentAction\",\"name\":\"Comment\",\"target\":[\"https:\/\/globaldentalcare.it\/de\/schnuller-fuer-babys-ja-oder-nein\/#respond\"]}]},{\"@type\":\"WebPage\",\"@id\":\"https:\/\/globaldentalcare.it\/de\/schnuller-fuer-babys-ja-oder-nein\/\",\"url\":\"https:\/\/globaldentalcare.it\/de\/schnuller-fuer-babys-ja-oder-nein\/\",\"name\":\"Schnuller f\u00fcr S\u00e4uglinge: ja oder nein? - Greco Zahnpflege Bozen\",\"isPartOf\":{\"@id\":\"https:\/\/globaldentalcare.it\/de\/#website\"},\"primaryImageOfPage\":{\"@id\":\"https:\/\/globaldentalcare.it\/de\/schnuller-fuer-babys-ja-oder-nein\/#primaryimage\"},\"image\":{\"@id\":\"https:\/\/globaldentalcare.it\/de\/schnuller-fuer-babys-ja-oder-nein\/#primaryimage\"},\"thumbnailUrl\":\"https:\/\/globaldentalcare.it\/wp-content\/uploads\/2023\/10\/ciuccio-ai-bambini.jpg\",\"datePublished\":\"2023-10-02T09:53:59+00:00\",\"dateModified\":\"2025-05-02T10:49:13+00:00\",\"description\":\"Es ist wichtig, sich \u00fcber die Auswirkungen einer l\u00e4ngeren Verwendung von Schnullern auf die Zahnpflege von Kindern bewusst zu sein.\",\"breadcrumb\":{\"@id\":\"https:\/\/globaldentalcare.it\/de\/schnuller-fuer-babys-ja-oder-nein\/#breadcrumb\"},\"inLanguage\":\"de\",\"potentialAction\":[{\"@type\":\"ReadAction\",\"target\":[\"https:\/\/globaldentalcare.it\/de\/schnuller-fuer-babys-ja-oder-nein\/\"]}]},{\"@type\":\"ImageObject\",\"inLanguage\":\"de\",\"@id\":\"https:\/\/globaldentalcare.it\/de\/schnuller-fuer-babys-ja-oder-nein\/#primaryimage\",\"url\":\"https:\/\/globaldentalcare.it\/wp-content\/uploads\/2023\/10\/ciuccio-ai-bambini.jpg\",\"contentUrl\":\"https:\/\/globaldentalcare.it\/wp-content\/uploads\/2023\/10\/ciuccio-ai-bambini.jpg\",\"width\":1140,\"height\":670,\"caption\":\"Ciuccio ai bambini? S\u00ec o no?\"},{\"@type\":\"BreadcrumbList\",\"@id\":\"https:\/\/globaldentalcare.it\/de\/schnuller-fuer-babys-ja-oder-nein\/#breadcrumb\",\"itemListElement\":[{\"@type\":\"ListItem\",\"position\":1,\"name\":\"Home\",\"item\":\"https:\/\/globaldentalcare.it\/de\/\"},{\"@type\":\"ListItem\",\"position\":2,\"name\":\"Schnuller f\u00fcr Babys? Ja oder Nein?\"}]},{\"@type\":\"WebSite\",\"@id\":\"https:\/\/globaldentalcare.it\/de\/#website\",\"url\":\"https:\/\/globaldentalcare.it\/de\/\",\"name\":\"Global Dental Care\",\"description\":\"Global Dental Care\",\"publisher\":{\"@id\":\"https:\/\/globaldentalcare.it\/de\/#organization\"},\"potentialAction\":[{\"@type\":\"SearchAction\",\"target\":{\"@type\":\"EntryPoint\",\"urlTemplate\":\"https:\/\/globaldentalcare.it\/de\/?s={search_term_string}\"},\"query-input\":{\"@type\":\"PropertyValueSpecification\",\"valueRequired\":true,\"valueName\":\"search_term_string\"}}],\"inLanguage\":\"de\"},{\"@type\":\"Organization\",\"@id\":\"https:\/\/globaldentalcare.it\/de\/#organization\",\"name\":\"Global Dental Care\",\"url\":\"https:\/\/globaldentalcare.it\/de\/\",\"logo\":{\"@type\":\"ImageObject\",\"inLanguage\":\"de\",\"@id\":\"https:\/\/globaldentalcare.it\/de\/#\/schema\/logo\/image\/\",\"url\":\"https:\/\/globaldentalcare.it\/wp-content\/uploads\/2024\/02\/logo-greco-dental-care.jpg\",\"contentUrl\":\"https:\/\/globaldentalcare.it\/wp-content\/uploads\/2024\/02\/logo-greco-dental-care.jpg\",\"width\":696,\"height\":696,\"caption\":\"Global Dental Care\"},\"image\":{\"@id\":\"https:\/\/globaldentalcare.it\/de\/#\/schema\/logo\/image\/\"},\"sameAs\":[\"https:\/\/www.facebook.com\/grecodentalcare\",\"https:\/\/www.instagram.com\/greco_dental_care\/\"]},{\"@type\":\"Person\",\"@id\":\"https:\/\/globaldentalcare.it\/de\/#\/schema\/person\/1ee4b6f32498035734e5f93cf0ae6f70\",\"name\":\"arsStaff\",\"image\":{\"@type\":\"ImageObject\",\"inLanguage\":\"de\",\"@id\":\"https:\/\/globaldentalcare.it\/de\/#\/schema\/person\/image\/\",\"url\":\"https:\/\/globaldentalcare.it\/wp-content\/litespeed\/avatar\/2c3531d9320d25bfda1f5e850a111f42.jpg?ver=1777557976\",\"contentUrl\":\"https:\/\/globaldentalcare.it\/wp-content\/litespeed\/avatar\/2c3531d9320d25bfda1f5e850a111f42.jpg?ver=1777557976\",\"caption\":\"arsStaff\"},\"sameAs\":[\"https:\/\/globaldentalcare.it\"],\"url\":\"https:\/\/globaldentalcare.it\/de\/author\/arsStaff\/\"}]}<\/script>\n<!-- \/ Yoast SEO plugin. -->","yoast_head_json":{"title":"Schnuller f\u00fcr S\u00e4uglinge: ja oder nein? - Greco Zahnpflege Bozen","description":"Es ist wichtig, sich \u00fcber die Auswirkungen einer l\u00e4ngeren Verwendung von Schnullern auf die Zahnpflege von Kindern bewusst zu sein.","robots":{"index":"index","follow":"follow","max-snippet":"max-snippet:-1","max-image-preview":"max-image-preview:large","max-video-preview":"max-video-preview:-1"},"canonical":"https:\/\/globaldentalcare.it\/de\/schnuller-fuer-babys-ja-oder-nein\/","og_locale":"de_DE","og_type":"article","og_title":"Schnuller f\u00fcr S\u00e4uglinge: ja oder nein? - Greco Zahnpflege Bozen","og_description":"Es ist wichtig, sich \u00fcber die Auswirkungen einer l\u00e4ngeren Verwendung von Schnullern auf die Zahnpflege von Kindern bewusst zu sein.","og_url":"https:\/\/globaldentalcare.it\/de\/schnuller-fuer-babys-ja-oder-nein\/","og_site_name":"Global Dental Care","article_publisher":"https:\/\/www.facebook.com\/grecodentalcare","article_published_time":"2023-10-02T09:53:59+00:00","article_modified_time":"2025-05-02T10:49:13+00:00","og_image":[{"width":1140,"height":670,"url":"https:\/\/globaldentalcare.it\/wp-content\/uploads\/2023\/10\/ciuccio-ai-bambini.jpg","type":"image\/jpeg"}],"author":"arsStaff","twitter_card":"summary_large_image","twitter_misc":{"Verfasst von":"arsStaff","Gesch\u00e4tzte Lesezeit":"3\u00a0Minuten"},"schema":{"@context":"https:\/\/schema.org","@graph":[{"@type":"Article","@id":"https:\/\/globaldentalcare.it\/de\/schnuller-fuer-babys-ja-oder-nein\/#article","isPartOf":{"@id":"https:\/\/globaldentalcare.it\/de\/schnuller-fuer-babys-ja-oder-nein\/"},"author":{"name":"arsStaff","@id":"https:\/\/globaldentalcare.it\/de\/#\/schema\/person\/1ee4b6f32498035734e5f93cf0ae6f70"},"headline":"Schnuller f\u00fcr Babys? Ja oder Nein?","datePublished":"2023-10-02T09:53:59+00:00","dateModified":"2025-05-02T10:49:13+00:00","mainEntityOfPage":{"@id":"https:\/\/globaldentalcare.it\/de\/schnuller-fuer-babys-ja-oder-nein\/"},"wordCount":668,"commentCount":0,"publisher":{"@id":"https:\/\/globaldentalcare.it\/de\/#organization"},"image":{"@id":"https:\/\/globaldentalcare.it\/de\/schnuller-fuer-babys-ja-oder-nein\/#primaryimage"},"thumbnailUrl":"https:\/\/globaldentalcare.it\/wp-content\/uploads\/2023\/10\/ciuccio-ai-bambini.jpg","articleSection":["Kinder"],"inLanguage":"de","potentialAction":[{"@type":"CommentAction","name":"Comment","target":["https:\/\/globaldentalcare.it\/de\/schnuller-fuer-babys-ja-oder-nein\/#respond"]}]},{"@type":"WebPage","@id":"https:\/\/globaldentalcare.it\/de\/schnuller-fuer-babys-ja-oder-nein\/","url":"https:\/\/globaldentalcare.it\/de\/schnuller-fuer-babys-ja-oder-nein\/","name":"Schnuller f\u00fcr S\u00e4uglinge: ja oder nein? - Greco Zahnpflege Bozen","isPartOf":{"@id":"https:\/\/globaldentalcare.it\/de\/#website"},"primaryImageOfPage":{"@id":"https:\/\/globaldentalcare.it\/de\/schnuller-fuer-babys-ja-oder-nein\/#primaryimage"},"image":{"@id":"https:\/\/globaldentalcare.it\/de\/schnuller-fuer-babys-ja-oder-nein\/#primaryimage"},"thumbnailUrl":"https:\/\/globaldentalcare.it\/wp-content\/uploads\/2023\/10\/ciuccio-ai-bambini.jpg","datePublished":"2023-10-02T09:53:59+00:00","dateModified":"2025-05-02T10:49:13+00:00","description":"Es ist wichtig, sich \u00fcber die Auswirkungen einer l\u00e4ngeren Verwendung von Schnullern auf die Zahnpflege von Kindern bewusst zu sein.","breadcrumb":{"@id":"https:\/\/globaldentalcare.it\/de\/schnuller-fuer-babys-ja-oder-nein\/#breadcrumb"},"inLanguage":"de","potentialAction":[{"@type":"ReadAction","target":["https:\/\/globaldentalcare.it\/de\/schnuller-fuer-babys-ja-oder-nein\/"]}]},{"@type":"ImageObject","inLanguage":"de","@id":"https:\/\/globaldentalcare.it\/de\/schnuller-fuer-babys-ja-oder-nein\/#primaryimage","url":"https:\/\/globaldentalcare.it\/wp-content\/uploads\/2023\/10\/ciuccio-ai-bambini.jpg","contentUrl":"https:\/\/globaldentalcare.it\/wp-content\/uploads\/2023\/10\/ciuccio-ai-bambini.jpg","width":1140,"height":670,"caption":"Ciuccio ai bambini? S\u00ec o no?"},{"@type":"BreadcrumbList","@id":"https:\/\/globaldentalcare.it\/de\/schnuller-fuer-babys-ja-oder-nein\/#breadcrumb","itemListElement":[{"@type":"ListItem","position":1,"name":"Home","item":"https:\/\/globaldentalcare.it\/de\/"},{"@type":"ListItem","position":2,"name":"Schnuller f\u00fcr Babys? Ja oder Nein?"}]},{"@type":"WebSite","@id":"https:\/\/globaldentalcare.it\/de\/#website","url":"https:\/\/globaldentalcare.it\/de\/","name":"Global Dental Care","description":"Global Dental Care","publisher":{"@id":"https:\/\/globaldentalcare.it\/de\/#organization"},"potentialAction":[{"@type":"SearchAction","target":{"@type":"EntryPoint","urlTemplate":"https:\/\/globaldentalcare.it\/de\/?s={search_term_string}"},"query-input":{"@type":"PropertyValueSpecification","valueRequired":true,"valueName":"search_term_string"}}],"inLanguage":"de"},{"@type":"Organization","@id":"https:\/\/globaldentalcare.it\/de\/#organization","name":"Global Dental Care","url":"https:\/\/globaldentalcare.it\/de\/","logo":{"@type":"ImageObject","inLanguage":"de","@id":"https:\/\/globaldentalcare.it\/de\/#\/schema\/logo\/image\/","url":"https:\/\/globaldentalcare.it\/wp-content\/uploads\/2024\/02\/logo-greco-dental-care.jpg","contentUrl":"https:\/\/globaldentalcare.it\/wp-content\/uploads\/2024\/02\/logo-greco-dental-care.jpg","width":696,"height":696,"caption":"Global Dental Care"},"image":{"@id":"https:\/\/globaldentalcare.it\/de\/#\/schema\/logo\/image\/"},"sameAs":["https:\/\/www.facebook.com\/grecodentalcare","https:\/\/www.instagram.com\/greco_dental_care\/"]},{"@type":"Person","@id":"https:\/\/globaldentalcare.it\/de\/#\/schema\/person\/1ee4b6f32498035734e5f93cf0ae6f70","name":"arsStaff","image":{"@type":"ImageObject","inLanguage":"de","@id":"https:\/\/globaldentalcare.it\/de\/#\/schema\/person\/image\/","url":"https:\/\/globaldentalcare.it\/wp-content\/litespeed\/avatar\/2c3531d9320d25bfda1f5e850a111f42.jpg?ver=1777557976","contentUrl":"https:\/\/globaldentalcare.it\/wp-content\/litespeed\/avatar\/2c3531d9320d25bfda1f5e850a111f42.jpg?ver=1777557976","caption":"arsStaff"},"sameAs":["https:\/\/globaldentalcare.it"],"url":"https:\/\/globaldentalcare.it\/de\/author\/arsStaff\/"}]}},"_links":{"self":[{"href":"https:\/\/globaldentalcare.it\/de\/wp-json\/wp\/v2\/posts\/2750","targetHints":{"allow":["GET"]}}],"collection":[{"href":"https:\/\/globaldentalcare.it\/de\/wp-json\/wp\/v2\/posts"}],"about":[{"href":"https:\/\/globaldentalcare.it\/de\/wp-json\/wp\/v2\/types\/post"}],"author":[{"embeddable":true,"href":"https:\/\/globaldentalcare.it\/de\/wp-json\/wp\/v2\/users\/1"}],"replies":[{"embeddable":true,"href":"https:\/\/globaldentalcare.it\/de\/wp-json\/wp\/v2\/comments?post=2750"}],"version-history":[{"count":2,"href":"https:\/\/globaldentalcare.it\/de\/wp-json\/wp\/v2\/posts\/2750\/revisions"}],"predecessor-version":[{"id":2752,"href":"https:\/\/globaldentalcare.it\/de\/wp-json\/wp\/v2\/posts\/2750\/revisions\/2752"}],"wp:featuredmedia":[{"embeddable":true,"href":"https:\/\/globaldentalcare.it\/de\/wp-json\/wp\/v2\/media\/2427"}],"wp:attachment":[{"href":"https:\/\/globaldentalcare.it\/de\/wp-json\/wp\/v2\/media?parent=2750"}],"wp:term":[{"taxonomy":"category","embeddable":true,"href":"https:\/\/globaldentalcare.it\/de\/wp-json\/wp\/v2\/categories?post=2750"},{"taxonomy":"post_tag","embeddable":true,"href":"https:\/\/globaldentalcare.it\/de\/wp-json\/wp\/v2\/tags?post=2750"}],"curies":[{"name":"wp","href":"https:\/\/api.w.org\/{rel}","templated":true}]}}